{"id":127,"date":"2024-11-16T16:53:56","date_gmt":"2024-11-16T16:53:56","guid":{"rendered":"https:\/\/praticaweb.uem.mz\/edicao4\/?p=127"},"modified":"2024-11-16T16:54:06","modified_gmt":"2024-11-16T16:54:06","slug":"redes-sociais-reflexoes-para-uso-consciente","status":"publish","type":"post","link":"https:\/\/praticaweb.uem.mz\/edicao4\/2024\/11\/16\/redes-sociais-reflexoes-para-uso-consciente\/","title":{"rendered":"Redes Sociais: Reflex\u00f5es para uso consciente"},"content":{"rendered":"<p>As redes sociais revolucionaram a comunica\u00e7\u00e3o contempor\u00e2nea ao integrarem texto, imagem e som em espa\u00e7os digitais (Castells, 2009). Contudo, seu uso crescente, especialmente entre jovens, leva consigo preocupa\u00e7\u00f5es relacionadas \u00e0 privacidade, desinforma\u00e7\u00e3o, respeito nas intera\u00e7\u00f5es e sa\u00fade mental. Vivem-se tempos em que a privacidade est\u00e1 constantemente amea\u00e7ada, como destacam Yang et al. (2012) e Gross e Acquisti (2005), uma vez que dados partilhados pelos usu\u00e1rios podem ser usados para inferir informa\u00e7\u00f5es mais sens\u00edveis. Assim, a revis\u00e3o das configura\u00e7\u00f5es de privacidade e o controle do que \u00e9 divulgado tornam-se essenciais. Mo\u00e7ambique \u00e9 disto exemplo, se quisermos considerar o impacto das manifesta\u00e7\u00f5es p\u00f3s-eleitorais que tem resultado na persegui\u00e7\u00e3o de indiv\u00edduos n\u00e3o envolvidos nelas.<\/p>\n<p>Associado a anterior abordagem, considero um outro desafio que est\u00e1 directamente vinculado \u00e0 dissemina\u00e7\u00e3o de <em>&#8220;fake news&#8221;<\/em>, favorecida pela estrutura das plataformas digitais (Wardle &amp; Derakhshan, 2017). Neste contexto, o pensamento cr\u00edtico \u00e9 indispens\u00e1vel para avaliar a credibilidade das fontes e mitigar os impactos da desinforma\u00e7\u00e3o (Tapscott &amp; Williams, 2006). Paralelamente, o respeito nas intera\u00e7\u00f5es <em>online<\/em>, como enfatizado por Chomsky, \u00e9 crucial para evitar comportamentos t\u00f3xicos, como o <em>cyberbullying<\/em>, que prejudicam o ambiente digital (Hinduja &amp; Patchin, 2014).<\/p>\n<p>Ademais, o uso excessivo das redes sociais impacta negativamente a sa\u00fade mental, associando-se a ansiedade, baixa autoestima e compara\u00e7\u00f5es sociais prejudiciais (Twenge &amp; Campbell, 2018). Estabelecer limites e priorizar intera\u00e7\u00f5es <em>offline<\/em> s\u00e3o estrat\u00e9gias eficazes para lidar com estes efeitos. Portanto, embora as redes sociais ofere\u00e7am oportunidades para aprendizado colaborativo e inova\u00e7\u00e3o (Tapscott &amp; Williams, 2006), \u00e9 fundamental adoptar uma postura consciente e respons\u00e1vel para aproveitar seus benef\u00edcios, garantindo um ambiente digital mais seguro e \u00e9tico.<\/p>\n","protected":false},"excerpt":{"rendered":"<p>As redes sociais revolucionaram a comunica\u00e7\u00e3o contempor\u00e2nea ao integrarem texto, imagem e som em espa\u00e7os digitais (Castells, 2009). Contudo, seu<\/p>\n","protected":false},"author":37,"featured_media":128,"comment_status":"open","ping_status":"open","sticky":false,"template":"","format":"standard","meta":{"footnotes":""},"categories":[1],"tags":[10],"class_list":["post-127","post","type-post","status-publish","format-standard","has-post-thumbnail","hentry","category-blogue-da-turma","tag-redessociais"],"_links":{"self":[{"href":"https:\/\/praticaweb.uem.mz\/edicao4\/wp-json\/wp\/v2\/posts\/127","targetHints":{"allow":["GET"]}}],"collection":[{"href":"https:\/\/praticaweb.uem.mz\/edicao4\/wp-json\/wp\/v2\/posts"}],"about":[{"href":"https:\/\/praticaweb.uem.mz\/edicao4\/wp-json\/wp\/v2\/types\/post"}],"author":[{"embeddable":true,"href":"https:\/\/praticaweb.uem.mz\/edicao4\/wp-json\/wp\/v2\/users\/37"}],"replies":[{"embeddable":true,"href":"https:\/\/praticaweb.uem.mz\/edicao4\/wp-json\/wp\/v2\/comments?post=127"}],"version-history":[{"count":1,"href":"https:\/\/praticaweb.uem.mz\/edicao4\/wp-json\/wp\/v2\/posts\/127\/revisions"}],"predecessor-version":[{"id":129,"href":"https:\/\/praticaweb.uem.mz\/edicao4\/wp-json\/wp\/v2\/posts\/127\/revisions\/129"}],"wp:featuredmedia":[{"embeddable":true,"href":"https:\/\/praticaweb.uem.mz\/edicao4\/wp-json\/wp\/v2\/media\/128"}],"wp:attachment":[{"href":"https:\/\/praticaweb.uem.mz\/edicao4\/wp-json\/wp\/v2\/media?parent=127"}],"wp:term":[{"taxonomy":"category","embeddable":true,"href":"https:\/\/praticaweb.uem.mz\/edicao4\/wp-json\/wp\/v2\/categories?post=127"},{"taxonomy":"post_tag","embeddable":true,"href":"https:\/\/praticaweb.uem.mz\/edicao4\/wp-json\/wp\/v2\/tags?post=127"}],"curies":[{"name":"wp","href":"https:\/\/api.w.org\/{rel}","templated":true}]}}