{"id":132,"date":"2024-11-18T08:56:44","date_gmt":"2024-11-18T08:56:44","guid":{"rendered":"https:\/\/praticaweb.uem.mz\/edicao4\/?p=132"},"modified":"2024-11-18T09:33:38","modified_gmt":"2024-11-18T09:33:38","slug":"a-importancia-da-literacia-digital-nas-escolas","status":"publish","type":"post","link":"https:\/\/praticaweb.uem.mz\/edicao4\/2024\/11\/18\/a-importancia-da-literacia-digital-nas-escolas\/","title":{"rendered":"A import\u00e2ncia da Literacia digital nas Escolas"},"content":{"rendered":"<p style=\"text-align: left\">Dado o crescente desenvolvimento das comunidades e com o advento do uso da internet em todas as \u00e1reas da sociedade no geral, com foco no ensino. Os m\u00e9todos tradicionais de aprendizagem, e aquisi\u00e7\u00e3o de conhecimento exigem cada vez mais o uso de internet.<\/p>\n<p style=\"text-align: left\">O acesso a internet dever\u00e1 ser seguro, desde os sites acedidos at\u00e9 as t\u00e9cnicas e tecnologias de acesso.<\/p>\n<p style=\"text-align: left\">Segundo Howard Rheingold, em uma de suas publica\u00e7\u00f5es no <em>\u201cSmat Mobs\u2019\u2019<\/em>, defende que a literacia digital vai al\u00e9m do uso das ferramentas digitais, ela envolve a capacidade de uma participa\u00e7\u00e3o activa nas comunidades <em>online<\/em> , na capacidade de criar conhecimentos e de uma intera\u00e7\u00e3o activa.<\/p>\n<p style=\"text-align: left\">No entanto com o desenvolvimento crescente da internet torna se importante que as escolas tenham uma vis\u00e3o hol\u00edstica e futurista\u00a0\u00a0 face a novas abordagens pedag\u00f3gicas exigidas no mundo digital. Tendo em conta as formas tradicionais de ensino, bem como a novas metodologias de ensino implementadas actualmente por diversas escolas.<\/p>\n<p style=\"text-align: left\">A literacia digital deve ser vista como uma das formas mais eficazes de utiliza\u00e7\u00e3o das tecnologias digitais de forma segura e consciente. No entanto \u00e9 importante que o Governo crie politicas e estrat\u00e9gias, para uma internet acess\u00edvel e segura ao ensino.<\/p>\n<p style=\"text-align: left\">\u00c8 importante que o sistema nacional de ensino, adopte o uso de internet, e inclua nos seus curricula a componente de literacia digital, nas escolas e todos os subsistemas de ensino.<\/p>\n<p style=\"text-align: left\">O acesso a internet permite a aquisi\u00e7\u00e3o de um vasto universo de informa\u00e7\u00f5es, torna se cada vez mais importante que se consciencialize se aos utilizadores sobre os riscos e medidas a tomar neste processo , pois o mundo da internet \u00e9 complexo, isto \u00e9 o perigo de exposi\u00e7\u00e3o a conte\u00fados maliciosos e roubo de informa\u00e7\u00e3o \u00e9 um dos maiores desafios.<\/p>\n","protected":false},"excerpt":{"rendered":"<p>Dado o crescente desenvolvimento das comunidades e com o advento do uso da internet em todas as \u00e1reas da sociedade<\/p>\n","protected":false},"author":34,"featured_media":0,"comment_status":"open","ping_status":"open","sticky":false,"template":"","format":"standard","meta":{"footnotes":""},"categories":[1],"tags":[],"class_list":["post-132","post","type-post","status-publish","format-standard","hentry","category-blogue-da-turma"],"_links":{"self":[{"href":"https:\/\/praticaweb.uem.mz\/edicao4\/wp-json\/wp\/v2\/posts\/132","targetHints":{"allow":["GET"]}}],"collection":[{"href":"https:\/\/praticaweb.uem.mz\/edicao4\/wp-json\/wp\/v2\/posts"}],"about":[{"href":"https:\/\/praticaweb.uem.mz\/edicao4\/wp-json\/wp\/v2\/types\/post"}],"author":[{"embeddable":true,"href":"https:\/\/praticaweb.uem.mz\/edicao4\/wp-json\/wp\/v2\/users\/34"}],"replies":[{"embeddable":true,"href":"https:\/\/praticaweb.uem.mz\/edicao4\/wp-json\/wp\/v2\/comments?post=132"}],"version-history":[{"count":2,"href":"https:\/\/praticaweb.uem.mz\/edicao4\/wp-json\/wp\/v2\/posts\/132\/revisions"}],"predecessor-version":[{"id":134,"href":"https:\/\/praticaweb.uem.mz\/edicao4\/wp-json\/wp\/v2\/posts\/132\/revisions\/134"}],"wp:attachment":[{"href":"https:\/\/praticaweb.uem.mz\/edicao4\/wp-json\/wp\/v2\/media?parent=132"}],"wp:term":[{"taxonomy":"category","embeddable":true,"href":"https:\/\/praticaweb.uem.mz\/edicao4\/wp-json\/wp\/v2\/categories?post=132"},{"taxonomy":"post_tag","embeddable":true,"href":"https:\/\/praticaweb.uem.mz\/edicao4\/wp-json\/wp\/v2\/tags?post=132"}],"curies":[{"name":"wp","href":"https:\/\/api.w.org\/{rel}","templated":true}]}}