{"id":240,"date":"2024-11-26T16:34:44","date_gmt":"2024-11-26T16:34:44","guid":{"rendered":"https:\/\/praticaweb.uem.mz\/edicao4\/?p=240"},"modified":"2024-12-02T15:55:07","modified_gmt":"2024-12-02T15:55:07","slug":"desafios-e-constrangimentos-na-implementacao-do-processo-digital-no-tribunal-de-justica-de-mocambique","status":"publish","type":"post","link":"https:\/\/praticaweb.uem.mz\/edicao4\/2024\/11\/26\/desafios-e-constrangimentos-na-implementacao-do-processo-digital-no-tribunal-de-justica-de-mocambique\/","title":{"rendered":"Desafios e Constrangimentos na Implementa\u00e7\u00e3o do Processo Digital na Televis\u00e3o de Mo\u00e7ambique"},"content":{"rendered":"<p><img loading=\"lazy\" decoding=\"async\" class=\"wp-image-244 aligncenter\" src=\"https:\/\/praticaweb.uem.mz\/edicao4\/wp-content\/uploads\/sites\/3\/2024\/11\/A-partir-de-hoje-nao-sera-mais-possivel-ver-canais-de-televisao-em-sinal-aberto-300x200.jpg\" alt=\"\" width=\"465\" height=\"310\" srcset=\"https:\/\/praticaweb.uem.mz\/edicao4\/wp-content\/uploads\/sites\/3\/2024\/11\/A-partir-de-hoje-nao-sera-mais-possivel-ver-canais-de-televisao-em-sinal-aberto-300x200.jpg 300w, https:\/\/praticaweb.uem.mz\/edicao4\/wp-content\/uploads\/sites\/3\/2024\/11\/A-partir-de-hoje-nao-sera-mais-possivel-ver-canais-de-televisao-em-sinal-aberto.jpg 612w\" sizes=\"auto, (max-width: 465px) 100vw, 465px\" \/><\/p>\n<p>A implementa\u00e7\u00e3o do processo digital na Televis\u00e3o de Mo\u00e7ambique (TVM) \u00e9 um passo significativo rumo \u00e0 moderniza\u00e7\u00e3o das opera\u00e7\u00f5es da emissora e \u00e0 melhoria da oferta de conte\u00fados audiovisuais. Contudo, esse processo enfrenta v\u00e1rios constrangimentos que afetam sua efic\u00e1cia e sustentabilidade. Estes desafios incluem quest\u00f5es tecnol\u00f3gicas, financeiras, humanas e estruturais. Abaixo, destacam-se os principais constrangimentos:<\/p>\n<ol>\n<li><strong>Infraestrutura Tecnol\u00f3gica<\/strong><\/li>\n<\/ol>\n<p>Equipamentos Obsoletos: A TVM ainda depende, em algumas \u00e1reas, de equipamentos anal\u00f3gicos ou desatualizados, o que dificulta a transi\u00e7\u00e3o para o formato digital.<\/p>\n<p>Cobertura Limitada de Sinal Digital: A expans\u00e3o do sinal digital para todas as regi\u00f5es do pa\u00eds \u00e9 limitada, especialmente em \u00e1reas rurais, devido \u00e0 falta de infraestrutura adequada.<\/p>\n<p>Manuten\u00e7\u00e3o de Equipamentos: A escassez de pe\u00e7as de reposi\u00e7\u00e3o e profissionais t\u00e9cnicos qualificados para manuten\u00e7\u00e3o de sistemas digitais cria gargalos operacionais.<\/p>\n<ol start=\"2\">\n<li><strong>Capacita\u00e7\u00e3o de Recursos Humanos<\/strong><\/li>\n<\/ol>\n<p>Falta de Treinamento: Muitos profissionais da TVM n\u00e3o possuem as habilidades t\u00e9cnicas necess\u00e1rias para operar equipamentos e plataformas digitais.<\/p>\n<p>Resist\u00eancia \u00e0 Mudan\u00e7a: Alguns colaboradores demonstram resist\u00eancia em adotar novas tecnologias devido ao desconhecimento ou \u00e0 adapta\u00e7\u00e3o dif\u00edcil aos novos processos.<\/p>\n<ol start=\"3\">\n<li><strong>Financiamento e Sustentabilidade<\/strong><\/li>\n<\/ol>\n<p>Custos Elevados: A digitaliza\u00e7\u00e3o envolve altos custos para aquisi\u00e7\u00e3o de equipamentos, desenvolvimento de software, capacita\u00e7\u00e3o de pessoal e manuten\u00e7\u00e3o cont\u00ednua.<\/p>\n<p>Recursos Limitados: O or\u00e7amento alocado \u00e0 TVM frequentemente n\u00e3o \u00e9 suficiente para atender \u00e0s demandas da moderniza\u00e7\u00e3o digital.<\/p>\n<p>Depend\u00eancia de Apoio Externo: Parcerias e financiamentos internacionais s\u00e3o necess\u00e1rios, mas muitas vezes limitados ou inconsistentes.<\/p>\n<ol start=\"4\">\n<li><strong>Inclus\u00e3o e Acesso ao P\u00fablico<\/strong><\/li>\n<\/ol>\n<p>Falta de Acesso em \u00c1reas Remotas: Em algumas regi\u00f5es do pa\u00eds, as popula\u00e7\u00f5es n\u00e3o possuem equipamentos compat\u00edveis para captar o sinal digital, como televisores modernos ou conversores digitais.<\/p>\n<p>Alfabetiza\u00e7\u00e3o Digital: Parte significativa do p\u00fablico n\u00e3o est\u00e1 familiarizada com o uso de tecnologias digitais, o que reduz o impacto das melhorias.<\/p>\n<ol start=\"5\">\n<li><strong>Ciberseguran\u00e7a<\/strong><\/li>\n<\/ol>\n<p>Riscos de Seguran\u00e7a: A digitaliza\u00e7\u00e3o aumenta a vulnerabilidade a ataques cibern\u00e9ticos, como roubo de conte\u00fados ou sabotagem de sistemas.<\/p>\n<p>Prote\u00e7\u00e3o de Dados: A gest\u00e3o segura de informa\u00e7\u00f5es internas e de conte\u00fados digitais \u00e9 um desafio constante.<\/p>\n<ol start=\"6\">\n<li><strong>Conte\u00fados e Programa\u00e7\u00e3o<\/strong><\/li>\n<\/ol>\n<p>Adapta\u00e7\u00e3o de Arquivos: O processo de digitaliza\u00e7\u00e3o de conte\u00fados antigos, ainda armazenados em fitas ou outros formatos anal\u00f3gicos, \u00e9 demorado e exige recursos significativos.<\/p>\n<p>Produ\u00e7\u00e3o de Conte\u00fados Modernos: Produzir conte\u00fados de alta qualidade para competir no ambiente digital requer habilidades, equipamentos e estrat\u00e9gias que nem sempre est\u00e3o dispon\u00edveis.<\/p>\n<p>&nbsp;<\/p>\n<p><strong>Solu\u00e7\u00f5es Propostas<\/strong><\/p>\n<p>Para superar os constrangimentos, a TVM pode adotar as seguintes estrat\u00e9gias:<\/p>\n<ol>\n<li>Investimento em Infraestrutura: Alocar recursos para modernizar equipamentos e ampliar a cobertura do sinal digital.<\/li>\n<li>Forma\u00e7\u00e3o Profissional: Implementar programas cont\u00ednuos de capacita\u00e7\u00e3o para os colaboradores.<\/li>\n<li>Parcerias Estrat\u00e9gicas: Buscar apoio de parceiros internacionais para financiamento e transfer\u00eancia de tecnologia.<\/li>\n<li>Educa\u00e7\u00e3o do P\u00fablico: Sensibilizar a popula\u00e7\u00e3o sobre a transi\u00e7\u00e3o digital e promover o acesso a equipamentos compat\u00edveis.<\/li>\n<li>Ciberseguran\u00e7a: Adotar medidas robustas para proteger sistemas e conte\u00fados digitais.<\/li>\n<\/ol>\n<p>&nbsp;<\/p>\n<p>Embora os desafios sejam significativos, o processo digital representa uma oportunidade crucial para a TVM melhorar sua efici\u00eancia operacional, alcan\u00e7ar novos p\u00fablicos e fortalecer seu papel como principal emissora p\u00fablica de Mo\u00e7ambique.<\/p>\n<p>&nbsp;<\/p>\n<p>&nbsp;<\/p>\n","protected":false},"excerpt":{"rendered":"<p>A implementa\u00e7\u00e3o do processo digital na Televis\u00e3o de Mo\u00e7ambique (TVM) \u00e9 um passo significativo rumo \u00e0 moderniza\u00e7\u00e3o das opera\u00e7\u00f5es da<\/p>\n","protected":false},"author":39,"featured_media":0,"comment_status":"open","ping_status":"open","sticky":false,"template":"","format":"standard","meta":{"footnotes":""},"categories":[1],"tags":[],"class_list":["post-240","post","type-post","status-publish","format-standard","hentry","category-blogue-da-turma"],"_links":{"self":[{"href":"https:\/\/praticaweb.uem.mz\/edicao4\/wp-json\/wp\/v2\/posts\/240","targetHints":{"allow":["GET"]}}],"collection":[{"href":"https:\/\/praticaweb.uem.mz\/edicao4\/wp-json\/wp\/v2\/posts"}],"about":[{"href":"https:\/\/praticaweb.uem.mz\/edicao4\/wp-json\/wp\/v2\/types\/post"}],"author":[{"embeddable":true,"href":"https:\/\/praticaweb.uem.mz\/edicao4\/wp-json\/wp\/v2\/users\/39"}],"replies":[{"embeddable":true,"href":"https:\/\/praticaweb.uem.mz\/edicao4\/wp-json\/wp\/v2\/comments?post=240"}],"version-history":[{"count":3,"href":"https:\/\/praticaweb.uem.mz\/edicao4\/wp-json\/wp\/v2\/posts\/240\/revisions"}],"predecessor-version":[{"id":265,"href":"https:\/\/praticaweb.uem.mz\/edicao4\/wp-json\/wp\/v2\/posts\/240\/revisions\/265"}],"wp:attachment":[{"href":"https:\/\/praticaweb.uem.mz\/edicao4\/wp-json\/wp\/v2\/media?parent=240"}],"wp:term":[{"taxonomy":"category","embeddable":true,"href":"https:\/\/praticaweb.uem.mz\/edicao4\/wp-json\/wp\/v2\/categories?post=240"},{"taxonomy":"post_tag","embeddable":true,"href":"https:\/\/praticaweb.uem.mz\/edicao4\/wp-json\/wp\/v2\/tags?post=240"}],"curies":[{"name":"wp","href":"https:\/\/api.w.org\/{rel}","templated":true}]}}